{"id":2054,"date":"2017-09-05T16:11:05","date_gmt":"2017-09-05T21:11:05","guid":{"rendered":"http:\/\/fundacionelencuentro.org\/co\/?p=2054"},"modified":"2017-09-18T13:47:48","modified_gmt":"2017-09-18T18:47:48","slug":"comibam","status":"publish","type":"post","link":"https:\/\/fundacionelencuentro.org\/co\/comibam\/","title":{"rendered":"Participantes del COMIBAM oraron por la Fundaci\u00f3n El Encuentro"},"content":{"rendered":"<div id=\"pl-2054\"  class=\"panel-layout\" ><div id=\"pg-2054-0\"  class=\"panel-grid panel-no-style\" ><div id=\"pgc-2054-0-0\"  class=\"panel-grid-cell\" ><div id=\"panel-2054-0-0-0\" class=\"so-panel widget widget_sow-image panel-first-child\" data-index=\"0\" ><div\n\t\t\t\n\t\t\tclass=\"so-widget-sow-image so-widget-sow-image-default-8b5b6f678277-2054\"\n\t\t\t\n\t\t>\n\n<div class=\"sow-image-container\">\n\t\t<img src=\"https:\/\/fundacionelencuentro.org\/co\/wp-content\/uploads\/2017\/09\/comibam-prayer.jpg\" width=\"1280\" height=\"560\" srcset=\"https:\/\/fundacionelencuentro.org\/co\/wp-content\/uploads\/2017\/09\/comibam-prayer.jpg 1280w, https:\/\/fundacionelencuentro.org\/co\/wp-content\/uploads\/2017\/09\/comibam-prayer-300x131.jpg 300w, https:\/\/fundacionelencuentro.org\/co\/wp-content\/uploads\/2017\/09\/comibam-prayer-768x336.jpg 768w, https:\/\/fundacionelencuentro.org\/co\/wp-content\/uploads\/2017\/09\/comibam-prayer-1024x448.jpg 1024w\" sizes=\"(max-width: 1280px) 100vw, 1280px\" title=\"comibam prayer\" alt=\"\" loading=\"lazy\" \t\tclass=\"so-widget-image\"\/>\n\t<\/div>\n\n<\/div><\/div><div id=\"panel-2054-0-0-1\" class=\"so-panel widget widget_sow-editor panel-last-child\" data-index=\"1\" ><div\n\t\t\t\n\t\t\tclass=\"so-widget-sow-editor so-widget-sow-editor-base\"\n\t\t\t\n\t\t>\n<div class=\"siteorigin-widget-tinymce textwidget\">\n\t<h2>Participantes del COMIBAM oraron por la Fundaci\u00f3n El Encuentro<\/h2>\n<div>La Fundaci\u00f3n Social El Encuentro fue invitada a ser parte de la\u00a0<i>Tarde Misional<\/i>\u00a0que los participantes del COMIBAM 2017 ten\u00edan como parte de su agenda de Congreso.<\/div>\n<div>\u00a0<\/div>\n<div>La Fundaci\u00f3n fue considerada por los organizadores como uno de los modelos misionales de la iglesia en Colombia por su trabajo con comunidades desplazadas por el conflicto armado, que son atendidas dentro del programa El Encuentro con la paz.<\/div>\n<div>\u00a0<\/div>\n<div>Un grupo de misioneros y lideres de organizaciones misionales de habla inglesa, portugues y espa\u00f1ol provenientes de 14 pa\u00edses viajaron junto con un equipo de la Fundaci\u00f3n hasta Verbenal de Quiba para dialogar durante las horas de traslado respecto a la guerra en Colombia, el fin del conflicto armado, las secuelas de la guerra reflejada en comunidades que reunen personas victimas de desplazamiento forzoso. Una vez en el sitio nos centramos presentar nuestra filosofia de iglesia que aporta a la ciudad desde el Evangelio, que se hace realidad en el trabajo de restauraci\u00f3n y emprendimiento con ni\u00f1os y familias en la localidad.<\/div>\n<div>\u00a0<\/div>\n<div>Al final de la visita elevamos oraciones por el ministerio de la iglesia, las actividades que realiza la Fundaci\u00f3n y las mujeres que hacen parte del equipo, las familas del sector, y en especial dos misioneras oraron por Alejandra, la coordinadora del jardin quien necesitaba consuelo y sanidad.<\/div>\n<div>\u00a0<\/div>\n<div>COMIBAM es la Cooperaci\u00f3n Misionera Iberoamericana que moviliza miles de misioneros, academicos, estudiantes internacionales, iglesias y agencias alrededor de la predicaci\u00f3n del evangelio a todas las etnias.<\/div>\n<\/div>\n<\/div><\/div><\/div><\/div><\/div>","protected":false},"excerpt":{"rendered":"<p>Participantes del COMIBAM oraron por la Fundaci\u00f3n El Encuentro La Fundaci\u00f3n Social El Encuentro fue invitada a ser parte de la\u00a0Tarde Misional\u00a0que los participantes del COMIBAM 2017 ten\u00edan como parte de su agenda de Congreso. \u00a0 La Fundaci\u00f3n fue considerada por los organizadores como uno de los modelos misionales de la iglesia en Colombia por&#8230;<\/p>\n<p class=\"more-link\"><a href=\"https:\/\/fundacionelencuentro.org\/co\/comibam\/\"><span>Read More<\/span><i>&#43;<\/i><\/a><\/p>\n<div class='heateorSssClear'><\/div><div  class='heateor_sss_sharing_container heateor_sss_horizontal_sharing' data-heateor-sss-href='https:\/\/fundacionelencuentro.org\/co\/comibam\/'><div class='heateor_sss_sharing_title' style=\"font-weight:bold\" ><\/div><div class=\"heateor_sss_sharing_ul\"><a aria-label=\"Linkedin Share\" style=\"padding:7.35px 0!important;margin-top:-2px!important;\" class=\"heateor_sss_linkedin_share\"><script src=\"\/\/platform.linkedin.com\/in.js\" type=\"text\/javascript\">lang: es_ES<\/script><script type=\"IN\/Share\" data-url=\"https:\/\/fundacionelencuentro.org\/co\/comibam\/\" data-counter=\"right\"><\/script><\/a><\/div><div class=\"heateorSssClear\"><\/div><\/div><div class='heateorSssClear'><\/div>","protected":false},"author":1,"featured_media":2096,"comment_status":"open","ping_status":"open","sticky":false,"template":"","format":"standard","meta":{"_exactmetrics_skip_tracking":false,"_exactmetrics_sitenote_active":false,"_exactmetrics_sitenote_note":"","_exactmetrics_sitenote_category":0},"categories":[54],"tags":[],"_links":{"self":[{"href":"https:\/\/fundacionelencuentro.org\/co\/wp-json\/wp\/v2\/posts\/2054"}],"collection":[{"href":"https:\/\/fundacionelencuentro.org\/co\/wp-json\/wp\/v2\/posts"}],"about":[{"href":"https:\/\/fundacionelencuentro.org\/co\/wp-json\/wp\/v2\/types\/post"}],"author":[{"embeddable":true,"href":"https:\/\/fundacionelencuentro.org\/co\/wp-json\/wp\/v2\/users\/1"}],"replies":[{"embeddable":true,"href":"https:\/\/fundacionelencuentro.org\/co\/wp-json\/wp\/v2\/comments?post=2054"}],"version-history":[{"count":0,"href":"https:\/\/fundacionelencuentro.org\/co\/wp-json\/wp\/v2\/posts\/2054\/revisions"}],"wp:featuredmedia":[{"embeddable":true,"href":"https:\/\/fundacionelencuentro.org\/co\/wp-json\/wp\/v2\/media\/2096"}],"wp:attachment":[{"href":"https:\/\/fundacionelencuentro.org\/co\/wp-json\/wp\/v2\/media?parent=2054"}],"wp:term":[{"taxonomy":"category","embeddable":true,"href":"https:\/\/fundacionelencuentro.org\/co\/wp-json\/wp\/v2\/categories?post=2054"},{"taxonomy":"post_tag","embeddable":true,"href":"https:\/\/fundacionelencuentro.org\/co\/wp-json\/wp\/v2\/tags?post=2054"}],"curies":[{"name":"wp","href":"https:\/\/api.w.org\/{rel}","templated":true}]}}