{"id":2131,"date":"2017-09-20T14:57:31","date_gmt":"2017-09-20T19:57:31","guid":{"rendered":"http:\/\/fundacionelencuentro.org\/co\/?p=2131"},"modified":"2017-09-21T07:50:41","modified_gmt":"2017-09-21T12:50:41","slug":"encuentro-social-la-iglesia-familias-ciudad-bolivar-tiempo-semana-santa","status":"publish","type":"post","link":"https:\/\/fundacionelencuentro.org\/co\/encuentro-social-la-iglesia-familias-ciudad-bolivar-tiempo-semana-santa\/","title":{"rendered":"Un encuentro social de la iglesia con familias en Ciudad Bol\u00edvar en tiempo de Semana Santa"},"content":{"rendered":"<div id=\"pl-2131\"  class=\"panel-layout\" ><div id=\"pg-2131-0\"  class=\"panel-grid panel-no-style\" ><div id=\"pgc-2131-0-0\"  class=\"panel-grid-cell\" ><div id=\"panel-2131-0-0-0\" class=\"so-panel widget widget_sow-image panel-first-child\" data-index=\"0\" ><div\n\t\t\t\n\t\t\tclass=\"so-widget-sow-image so-widget-sow-image-default-8b5b6f678277-2131\"\n\t\t\t\n\t\t>\n\n<div class=\"sow-image-container\">\n\t\t<img src=\"https:\/\/fundacionelencuentro.org\/co\/wp-content\/uploads\/2017\/09\/DSC_2052.jpg\" width=\"3840\" height=\"2160\" srcset=\"https:\/\/fundacionelencuentro.org\/co\/wp-content\/uploads\/2017\/09\/DSC_2052.jpg 3840w, https:\/\/fundacionelencuentro.org\/co\/wp-content\/uploads\/2017\/09\/DSC_2052-300x169.jpg 300w, https:\/\/fundacionelencuentro.org\/co\/wp-content\/uploads\/2017\/09\/DSC_2052-768x432.jpg 768w, https:\/\/fundacionelencuentro.org\/co\/wp-content\/uploads\/2017\/09\/DSC_2052-1024x576.jpg 1024w\" sizes=\"(max-width: 3840px) 100vw, 3840px\" alt=\"\" loading=\"lazy\" \t\tclass=\"so-widget-image\"\/>\n\t<\/div>\n\n<\/div><\/div><div id=\"panel-2131-0-0-1\" class=\"so-panel widget widget_sow-editor panel-last-child\" data-index=\"1\" ><div\n\t\t\t\n\t\t\tclass=\"so-widget-sow-editor so-widget-sow-editor-base\"\n\t\t\t\n\t\t>\n<div class=\"siteorigin-widget-tinymce textwidget\">\n\t<h2><strong>Un encuentro social de la iglesia con familias en Ciudad Bol\u00edvar en tiempo de Semana Santa<\/strong><\/h2>\n<p>La iglesia tambi\u00e9n existe para ofrecer acciones de misericordia y progreso a la sociedad, especialmente en momentos cuando todos anhelamos reconstruir un pa\u00eds en paz.<\/p>\n<p><img decoding=\"async\" loading=\"lazy\" class=\"size-medium wp-image-2158 alignright\" src=\"http:\/\/fundacionelencuentro.org\/co\/wp-content\/uploads\/2017\/09\/semana-santa-workday-300x225.jpg\" alt=\"\" width=\"300\" height=\"225\" srcset=\"https:\/\/fundacionelencuentro.org\/co\/wp-content\/uploads\/2017\/09\/semana-santa-workday-300x225.jpg 300w, https:\/\/fundacionelencuentro.org\/co\/wp-content\/uploads\/2017\/09\/semana-santa-workday-768x576.jpg 768w, https:\/\/fundacionelencuentro.org\/co\/wp-content\/uploads\/2017\/09\/semana-santa-workday-1024x768.jpg 1024w\" sizes=\"(max-width: 300px) 100vw, 300px\" \/><\/p>\n<p>Con esta convicci\u00f3n que surge como evidencia del car\u00e1cter de piedad de los cristianos, un grupo de +150 personas de la iglesia El Encuentro se desplaz\u00f3 a Ciudad Bolivar para brindar un d\u00eda de servicio a decenas de familias del sector. Un d\u00eda de inspiraci\u00f3n para todos al acercarnos de formas practicas a la construcci\u00f3n colaborativa de mejores realidades en la ciudad.<\/p>\n<p>Se realiz\u00f3 intervenci\u00f3n estructural a varias casas, por ejemplo, aportando bater\u00edas sanitarias o reconstruyendo ba\u00f1os, y en un caso especial, reinstalando el techo de la casa de una mujer cabeza de familia que es l\u00edder en la comunidad y que ha estado trabajando junto con la Fundaci\u00f3n El Encuentro aportando a acciones de paz en el sector.<img decoding=\"async\" loading=\"lazy\" class=\"size-medium wp-image-2157 alignleft\" src=\"http:\/\/fundacionelencuentro.org\/co\/wp-content\/uploads\/2017\/09\/DSC_2070-1-300x169.jpg\" alt=\"\" width=\"300\" height=\"169\" srcset=\"https:\/\/fundacionelencuentro.org\/co\/wp-content\/uploads\/2017\/09\/DSC_2070-1-300x169.jpg 300w, https:\/\/fundacionelencuentro.org\/co\/wp-content\/uploads\/2017\/09\/DSC_2070-1-768x432.jpg 768w, https:\/\/fundacionelencuentro.org\/co\/wp-content\/uploads\/2017\/09\/DSC_2070-1-1024x576.jpg 1024w\" sizes=\"(max-width: 300px) 100vw, 300px\" \/><\/p>\n<p>Un grupo de ni\u00f1os, varios de ellos victimas del desplazamiento forzoso que dej\u00f3 la guerra en Colombia, se reuni\u00f3 en las instalaciones del \u201cJard\u00edn comunitario El Encuentro\u201d para recibir gestos de amor, en medio del mensaje de salvaci\u00f3n y la oraci\u00f3n ofrecida por mujeres y j\u00f3venes de la iglesia. Adem\u00e1s, un grupo de adultos recibi\u00f3 asistencia m\u00e9dica en salud y optometr\u00eda.<img decoding=\"async\" loading=\"lazy\" class=\"size-medium wp-image-2156 alignright\" src=\"http:\/\/fundacionelencuentro.org\/co\/wp-content\/uploads\/2017\/09\/DSC_2060-1-300x169.jpg\" alt=\"\" width=\"300\" height=\"169\" srcset=\"https:\/\/fundacionelencuentro.org\/co\/wp-content\/uploads\/2017\/09\/DSC_2060-1-300x169.jpg 300w, https:\/\/fundacionelencuentro.org\/co\/wp-content\/uploads\/2017\/09\/DSC_2060-1-768x432.jpg 768w, https:\/\/fundacionelencuentro.org\/co\/wp-content\/uploads\/2017\/09\/DSC_2060-1-1024x576.jpg 1024w\" sizes=\"(max-width: 300px) 100vw, 300px\" \/><\/p>\n<p>J\u00f3venes y adultos trabajaron para mejorar uno de los caminos m\u00e1s transitados por la comunidad en la ladera de la monta\u00f1a. El camino que comunica con la v\u00eda principal donde se toma transporte para trasladarse al trabajo o a los sitios de rebusque; un camino que adem\u00e1s conduce a la cancha de futbol comunitaria y al sal\u00f3n comunal.<\/p>\n<p>Durante semana santa la iglesia record\u00f3 que ser disc\u00edpulos implica tambi\u00e9n ser activos en el servicio misericordioso a quien lo necesita. Al mismo tiempo, las personas del sector que se involucraron en la jornada expresaron su agradecimiento por el mensaje que de fondo qued\u00f3 en cada uno de ellos, donde la fe viva une, trae esperanza, moviliza a la transformaci\u00f3n integral de la vida.\u00a0<\/p>\n<p>La iglesia se complace en servir, dando testimonio de amor y progreso para la ciudad, siendo \u201cpersonas y lugar de encuentro con Dios\u201d.\u00a0\u00a0<\/p>\n<p>Si desea hacer una donaci\u00f3n para apoyar con m\u00e1s acciones a familias en necesidad, escribanos a <a href=\"mailto:responsabilidad.social@fundacionelencuentro.org\">responsabilidad.social@fundacionelencuentro.org<\/a>\u00a0<\/p>\n<\/div>\n<\/div><\/div><\/div><\/div><\/div>","protected":false},"excerpt":{"rendered":"<p>Un encuentro social de la iglesia con familias en Ciudad Bol\u00edvar en tiempo de Semana Santa La iglesia tambi\u00e9n existe para ofrecer acciones de misericordia y progreso a la sociedad, especialmente en momentos cuando todos anhelamos reconstruir un pa\u00eds en paz. Con esta convicci\u00f3n que surge como evidencia del car\u00e1cter de piedad de los cristianos,&#8230;<\/p>\n<p class=\"more-link\"><a href=\"https:\/\/fundacionelencuentro.org\/co\/encuentro-social-la-iglesia-familias-ciudad-bolivar-tiempo-semana-santa\/\"><span>Read More<\/span><i>&#43;<\/i><\/a><\/p>\n<div class='heateorSssClear'><\/div><div  class='heateor_sss_sharing_container heateor_sss_horizontal_sharing' data-heateor-sss-href='https:\/\/fundacionelencuentro.org\/co\/encuentro-social-la-iglesia-familias-ciudad-bolivar-tiempo-semana-santa\/'><div class='heateor_sss_sharing_title' style=\"font-weight:bold\" ><\/div><div class=\"heateor_sss_sharing_ul\"><a aria-label=\"Linkedin Share\" style=\"padding:7.35px 0!important;margin-top:-2px!important;\" class=\"heateor_sss_linkedin_share\"><script src=\"\/\/platform.linkedin.com\/in.js\" type=\"text\/javascript\">lang: es_ES<\/script><script type=\"IN\/Share\" data-url=\"https:\/\/fundacionelencuentro.org\/co\/encuentro-social-la-iglesia-familias-ciudad-bolivar-tiempo-semana-santa\/\" data-counter=\"right\"><\/script><\/a><\/div><div class=\"heateorSssClear\"><\/div><\/div><div class='heateorSssClear'><\/div>","protected":false},"author":1,"featured_media":2136,"comment_status":"open","ping_status":"open","sticky":false,"template":"","format":"standard","meta":{"_exactmetrics_skip_tracking":false,"_exactmetrics_sitenote_active":false,"_exactmetrics_sitenote_note":"","_exactmetrics_sitenote_category":0},"categories":[54,25],"tags":[],"_links":{"self":[{"href":"https:\/\/fundacionelencuentro.org\/co\/wp-json\/wp\/v2\/posts\/2131"}],"collection":[{"href":"https:\/\/fundacionelencuentro.org\/co\/wp-json\/wp\/v2\/posts"}],"about":[{"href":"https:\/\/fundacionelencuentro.org\/co\/wp-json\/wp\/v2\/types\/post"}],"author":[{"embeddable":true,"href":"https:\/\/fundacionelencuentro.org\/co\/wp-json\/wp\/v2\/users\/1"}],"replies":[{"embeddable":true,"href":"https:\/\/fundacionelencuentro.org\/co\/wp-json\/wp\/v2\/comments?post=2131"}],"version-history":[{"count":0,"href":"https:\/\/fundacionelencuentro.org\/co\/wp-json\/wp\/v2\/posts\/2131\/revisions"}],"wp:featuredmedia":[{"embeddable":true,"href":"https:\/\/fundacionelencuentro.org\/co\/wp-json\/wp\/v2\/media\/2136"}],"wp:attachment":[{"href":"https:\/\/fundacionelencuentro.org\/co\/wp-json\/wp\/v2\/media?parent=2131"}],"wp:term":[{"taxonomy":"category","embeddable":true,"href":"https:\/\/fundacionelencuentro.org\/co\/wp-json\/wp\/v2\/categories?post=2131"},{"taxonomy":"post_tag","embeddable":true,"href":"https:\/\/fundacionelencuentro.org\/co\/wp-json\/wp\/v2\/tags?post=2131"}],"curies":[{"name":"wp","href":"https:\/\/api.w.org\/{rel}","templated":true}]}}