{"id":625,"date":"2017-06-24T19:59:38","date_gmt":"2017-06-25T00:59:38","guid":{"rendered":"http:\/\/fundacionelencuentro.org\/co\/?p=625"},"modified":"2020-07-05T14:51:49","modified_gmt":"2020-07-05T19:51:49","slug":"20-anos-de-construccion-eficaz-de-ciudad-y-transformacion-integral-en-comunidad-mensaje-del-director-ejecutivo","status":"publish","type":"post","link":"https:\/\/fundacionelencuentro.org\/co\/20-anos-de-construccion-eficaz-de-ciudad-y-transformacion-integral-en-comunidad-mensaje-del-director-ejecutivo\/","title":{"rendered":"23 a\u00f1os de construcci\u00f3n eficaz de ciudad y transformaci\u00f3n integral en comunidad"},"content":{"rendered":"<div id=\"pl-625\"  class=\"panel-layout\" ><div id=\"pg-625-0\"  class=\"panel-grid panel-has-style\" ><div class=\"panel-row-style panel-row-style-for-625-0\" ><div id=\"pgc-625-0-0\"  class=\"panel-grid-cell\" ><div id=\"panel-625-0-0-0\" class=\"so-panel widget widget_sow-image panel-first-child\" data-index=\"0\" ><div\n\t\t\t\n\t\t\tclass=\"so-widget-sow-image so-widget-sow-image-default-c67d20f9f743-625\"\n\t\t\t\n\t\t>\n\n<div class=\"sow-image-container\">\n\t\t<img src=\"https:\/\/fundacionelencuentro.org\/co\/wp-content\/uploads\/2017\/07\/20-100-2-1140x380.jpg\" width=\"1140\" height=\"380\" sizes=\"(max-width: 1140px) 100vw, 1140px\" title=\"20-100\" alt=\"\" loading=\"lazy\" \t\tclass=\"so-widget-image\"\/>\n\t<\/div>\n\n<\/div><\/div><div id=\"panel-625-0-0-1\" class=\"so-panel widget widget_text\" data-index=\"1\" >\t\t\t<div class=\"textwidget\"><h1 style=\"font-size: 40px; font-weight: 500; color: black; margin-bottom: -10px;\">23 a\u00f1os de construcci\u00f3n eficaz de ciudad y transformaci\u00f3n integral en comunidad<\/h1>\n<\/div>\n\t\t<\/div><div id=\"panel-625-0-0-2\" class=\"so-panel widget widget_sow-editor panel-last-child\" data-index=\"2\" ><div\n\t\t\t\n\t\t\tclass=\"so-widget-sow-editor so-widget-sow-editor-base\"\n\t\t\t\n\t\t>\n<div class=\"siteorigin-widget-tinymce textwidget\">\n\t<h3>Desde la oficina de la Direcci\u00f3n Ejecutiva<\/h3>\n<p style=\"font-size: 15px;\">Amigos de la Fundaci\u00f3n Social El Encuentro,<br \/>\nEn 2020 cumpliremos 23 a\u00f1os de existencia, celebrando con humildad c\u00f3mo Dios contin\u00faa manifestando su gracia a cientos de familias a trav\u00e9s nuestro, a medida que servimos en bien de la dignidad humana a varias comunidades de la ciudad, dando testimonio cristiano, con responsabilidad social y profesionalismo empresarial.<\/p>\n<p style=\"font-size: 15px;\">Como Organizaci\u00f3n Basada en la Fe (OBF-ONU) nos hemos comprometido a aportar a cinco objetivos de desarrollo sostenible de las Naciones Unidas, logrando a la fecha resultados evidentes que nos animan a seguir construyendo con proyecci\u00f3n sostenible en compa\u00f1\u00eda de aliados externos, comunidades de base y l\u00edderes al interior de la organizaci\u00f3n.<\/p>\n<p style=\"font-size: 15px;\">Nuestro estilo de trabajo es propositivo, de autogesti\u00f3n, din\u00e1mico, transparente, colaborativo, orientado a resultados, se fundamenta en la vocaci\u00f3n a la cual cada uno ha sido llamado. Somos un buen lugar para trabajar, crecer y servir, con equipos humanos estables, motivados hacia la obtenci\u00f3n de resultados con buen coraz\u00f3n, aportando a la construcci\u00f3n de ciudad.<\/p>\n<p style=\"font-size: 15px;\">Lo que hacemos se construye sobre dos grandes pilares: fundamentos de Iglesia Misional, y Mastermind Programas, que se traducen en la investigaci\u00f3n, la creaci\u00f3n y el desarrollo de proyectos innovadores.<\/p>\n<h2>Mastermind Programs<\/h2>\n<p style=\"font-size: 15px;\">El primer a\u00f1o de El Encuentro con la Paz profundiz\u00f3 mucho m\u00e1s nuestras relaciones con varias comunidades vulnerables, a la vez que nos gener\u00f3 v\u00ednculos con nuevos amigos aliados en la construcci\u00f3n de proyectos que abogan por la familia, por la convivencia pac\u00edfica, por el apoyo productivo a personas de muy escasos recursos, pero tambi\u00e9n nos involucr\u00f3 en procesos decisorios con oficinas del gobierno nacional y de la ciudad frente a asuntos religiosos que aportan a la construcci\u00f3n de mejores sociedades.<\/p>\n<p style=\"font-size: 15px;\">El Liceo El Encuentro, se consagr\u00f3 como el mejor colegio cristiano de Colombia calendario A, manteni\u00e9ndose dentro del ranking de los mejores colegios de Bogot\u00e1. El Reporte de la excelencia 2016 que emite el ministerio de educaci\u00f3n nacional, gener\u00f3 \u00edndices sint\u00e9ticos en grado muy superior y se ha mantenido desde entonces.<\/p>\n<p style=\"font-size: 15px;\">Varios egresados han logrado becas en prestigiosas universidades, para destacar dos de ellos que obtuvieron calificaci\u00f3n 100 en ingl\u00e9s en las pruebas ICFES, siendo el puntaje consolidado de idioma extranjero superior al de varios colegios considerados biling\u00fces.<\/p>\n<p style=\"font-size: 15px;\">Participamos por primera vez en olimpiadas de matem\u00e1ticas, con resultados destacados. Adem\u00e1s un primer grupo de j\u00f3venes desde 6\u00ba a 10\u00ba grado se involucraron en el emergente laboratorio de electr\u00f3nica y rob\u00f3tica.<\/p>\n<p style=\"font-size: 15px;\">M\u00e1s de trescientos voluntarios, cristianos practicantes y otros apenas simpatizantes, se integran cada a\u00f1o de diversas maneras de nuestra misi\u00f3n.<\/p>\n<h2>Iglesia Misional<\/h2>\n<p style=\"font-size: 15px;\">Iglesia misional es una de las varias formas que toma la iglesia cristiana para presentar un evangelio m\u00e1s completo a la sociedad. Desarrolla principios actualizados de evangelismo, acompa\u00f1amiento espiritual a nuevos creyentes, acciones de misericordia a los m\u00e1s vulnerables, voz prof\u00e9tica para recordar la Palabra de Dios en cada momento de la historia, pero tambi\u00e9n ofreciendo respuestas tangibles a las personas m\u00e1s all\u00e1 del p\u00falpito o la liturgia.<\/p>\n<p style=\"font-size: 15px;\">Es una posibilidad para que el cristiano encarne en s\u00ed mismo el Evangelio de Cristo y lo haga evidente en toda su manera de vivir, haci\u00e9ndolo real en los negocios, los proyectos sociales, los desaf\u00edos \u00e9ticos culturales, los diferentes modelos de familia, la academia, las realidades de las ciudades, la posmodernidad, las nuevas formas de adoraci\u00f3n a marcas o deportes, los movimientos antirreligiosos, inclusive la formaci\u00f3n de l\u00edderes cristianos con mayor perspectiva de Reino.<\/p>\n<p style=\"font-size: 15px;\">Es pasar de invitar a la gente para que venga a la iglesia, para m\u00e1s bien ser iglesia en medio de la gente, en medio de la ciudad. Haci\u00e9ndonos cristianos visibles, congruentes y testimonios vivos para transformaci\u00f3n.<\/p>\n<p style=\"font-size: 15px;\">Desde hace 13 a\u00f1os estoy involucrado en este tema con varios amigos residentes en distintos lugares del planeta, con quienes hacemos reflexi\u00f3n y predicamos, pero tambi\u00e9n buscamos responder de forma pr\u00e1ctica a las nuevas preguntas que tiene la sociedad, entregando las respuestas eternas que el Evangelio eterno tiene para la humanidad pero present\u00e1ndose conforme aparecen nuevas realidades.<\/p>\n<h2>Pr\u00f3ximos pasos<\/h2>\n<p style=\"font-size: 15px;\">Nuestra vocaci\u00f3n pastoral social nos mueve a preocuparnos por la ciudad, la paz y el bienestar de su gente. Por eso continuaremos comprometidos en aportar acciones que transformen comunidades y familias, haci\u00e9ndolo en cooperaci\u00f3n con otras entidades igualmente dispuestas a llegar a la gente misma, en procura de resultados visibles en la academia, el pos-conflicto, y la formaci\u00f3n de l\u00edderes que influencian integralmente con car\u00e1cter cristiano.<\/p>\n<p style=\"font-size: 15px;\">Hoy como siempre, le extiendo una invitaci\u00f3n a unirse a nuestro prop\u00f3sito de aportar a la construcci\u00f3n eficaz de ciudad, mediante la transformaci\u00f3n integral en comunidad.<\/p>\n<p style=\"font-size: 15px;\">Direcci\u00f3n Ejecutiva<\/p>\n<\/div>\n<\/div><\/div><\/div><\/div><\/div><\/div>","protected":false},"excerpt":{"rendered":"<p>23 a\u00f1os de construcci\u00f3n eficaz de ciudad y transformaci\u00f3n integral en comunidad Desde la oficina de la Direcci\u00f3n Ejecutiva Amigos de la Fundaci\u00f3n Social El Encuentro, En 2020 cumpliremos 23 a\u00f1os de existencia, celebrando con humildad c\u00f3mo Dios contin\u00faa manifestando su gracia a cientos de familias a trav\u00e9s nuestro, a medida que servimos en bien&#8230;<\/p>\n<p class=\"more-link\"><a href=\"https:\/\/fundacionelencuentro.org\/co\/20-anos-de-construccion-eficaz-de-ciudad-y-transformacion-integral-en-comunidad-mensaje-del-director-ejecutivo\/\"><span>Read More<\/span><i>&#43;<\/i><\/a><\/p>\n<div class='heateorSssClear'><\/div><div  class='heateor_sss_sharing_container heateor_sss_horizontal_sharing' data-heateor-sss-href='https:\/\/fundacionelencuentro.org\/co\/20-anos-de-construccion-eficaz-de-ciudad-y-transformacion-integral-en-comunidad-mensaje-del-director-ejecutivo\/'><div class='heateor_sss_sharing_title' style=\"font-weight:bold\" ><\/div><div class=\"heateor_sss_sharing_ul\"><a aria-label=\"Linkedin Share\" style=\"padding:7.35px 0!important;margin-top:-2px!important;\" class=\"heateor_sss_linkedin_share\"><script src=\"\/\/platform.linkedin.com\/in.js\" type=\"text\/javascript\">lang: es_ES<\/script><script type=\"IN\/Share\" data-url=\"https:\/\/fundacionelencuentro.org\/co\/20-anos-de-construccion-eficaz-de-ciudad-y-transformacion-integral-en-comunidad-mensaje-del-director-ejecutivo\/\" data-counter=\"right\"><\/script><\/a><\/div><div class=\"heateorSssClear\"><\/div><\/div><div class='heateorSssClear'><\/div>","protected":false},"author":1,"featured_media":1827,"comment_status":"open","ping_status":"closed","sticky":false,"template":"","format":"standard","meta":{"_exactmetrics_skip_tracking":false,"_exactmetrics_sitenote_active":false,"_exactmetrics_sitenote_note":"","_exactmetrics_sitenote_category":0},"categories":[58],"tags":[],"_links":{"self":[{"href":"https:\/\/fundacionelencuentro.org\/co\/wp-json\/wp\/v2\/posts\/625"}],"collection":[{"href":"https:\/\/fundacionelencuentro.org\/co\/wp-json\/wp\/v2\/posts"}],"about":[{"href":"https:\/\/fundacionelencuentro.org\/co\/wp-json\/wp\/v2\/types\/post"}],"author":[{"embeddable":true,"href":"https:\/\/fundacionelencuentro.org\/co\/wp-json\/wp\/v2\/users\/1"}],"replies":[{"embeddable":true,"href":"https:\/\/fundacionelencuentro.org\/co\/wp-json\/wp\/v2\/comments?post=625"}],"version-history":[{"count":4,"href":"https:\/\/fundacionelencuentro.org\/co\/wp-json\/wp\/v2\/posts\/625\/revisions"}],"predecessor-version":[{"id":2577,"href":"https:\/\/fundacionelencuentro.org\/co\/wp-json\/wp\/v2\/posts\/625\/revisions\/2577"}],"wp:featuredmedia":[{"embeddable":true,"href":"https:\/\/fundacionelencuentro.org\/co\/wp-json\/wp\/v2\/media\/1827"}],"wp:attachment":[{"href":"https:\/\/fundacionelencuentro.org\/co\/wp-json\/wp\/v2\/media?parent=625"}],"wp:term":[{"taxonomy":"category","embeddable":true,"href":"https:\/\/fundacionelencuentro.org\/co\/wp-json\/wp\/v2\/categories?post=625"},{"taxonomy":"post_tag","embeddable":true,"href":"https:\/\/fundacionelencuentro.org\/co\/wp-json\/wp\/v2\/tags?post=625"}],"curies":[{"name":"wp","href":"https:\/\/api.w.org\/{rel}","templated":true}]}}